{"id":236837,"date":"2023-09-07T11:12:02","date_gmt":"2023-09-07T10:12:02","guid":{"rendered":"https:\/\/www.puertosdetenerife.org\/?p=236837"},"modified":"2023-09-07T11:12:02","modified_gmt":"2023-09-07T10:12:02","slug":"puertos-de-tenerife-se-promociona-en-la-feria-seatrade-europe-2023","status":"publish","type":"post","link":"https:\/\/www.puertosdetenerife.org\/en\/puertos-de-tenerife-se-promociona-en-la-feria-seatrade-europe-2023\/","title":{"rendered":"Puertos de Tenerife se promociona en la feria Seatrade Europe 2023"},"content":{"rendered":"<p>La Autoridad Portuaria de Santa Cruz de Tenerife participa este a\u00f1o en la principal cita europea del sector de cruceros, la feria Seatrade Europe, que arranc\u00f3 ayer en Hamburgo, Alemania, y finalizar\u00e1 ma\u00f1ana viernes 8 de septiembre.<!--more--><\/p>\n<p>Seatrade Europe a\u00fana a las principales navieras europeas y profesionales de la industria de cruceros, as\u00ed como a turoperadores, puertos, l\u00edneas de cruceros, proveedores de servicios y medios de comunicaci\u00f3n especializados. En total, cerca de 5.000 asistentes procedentes de m\u00e1s de 40 pa\u00edses diferentes.<\/p>\n<p>La delegaci\u00f3n representante de Puertos de Tenerife est\u00e1 integrada por su presidente, Pedro Su\u00e1rez; el director de la Entidad, Javier Mora, y la jefa de la unidad Comercial y Marketing, Luz Marina Espiau, quienes han acudido al encuentro con el fin de reforzar las relaciones comerciales y promocionar los servicios y el potencial de los puertos de la provincia como destino tur\u00edstico preferente de cruceristas.<\/p>\n<p>Asimismo, bajo la firma promocional de la entidad &#8220;Cruises in the Atlantic Islands&#8221;, dicha delegaci\u00f3n presenta en su stand una iniciativa que permite a las navieras y operadores crear itinerarios personalizados por la regi\u00f3n de la Macaronesia, resaltando el atractivo tur\u00edstico de las islas de esta zona.<\/p>\n<p>Cabe resaltar que la Autoridad Portuaria de Santa Cruz de Tenerife es un actor clave en la promoci\u00f3n de los puertos de la regi\u00f3n Macaronesia como destinos de cruceros y centros log\u00edsticos estrat\u00e9gicos en el Atl\u00e1ntico. Con una ubicaci\u00f3n privilegiada y una infraestructura de clase mundial, los puertos dependientes de la Autoridad Portuaria son presentados como puertas de entrada a una experiencia \u00fanica en las Islas.<\/p>\n<h4>Onshore Power Supply (OPS)<\/h4>\n<p>Tal y como informa Puertos del Estado en un comunicado, \u201clos puertos espa\u00f1oles ofrecen mucho m\u00e1s que una puerta a destinos tur\u00edsticos de primer nivel, est\u00e1n embarcados tambi\u00e9n en la puesta en marcha de medidas para impulsar la sostenibilidad ambiental y la eficiencia energ\u00e9tica tambi\u00e9n en el tr\u00e1fico de cruceros. En concreto, la electrificaci\u00f3n de los muelles para que las flotas puedan desconectar los motores en puerto.\u201d<\/p>\n<p>En este sentido, Puertos de Tenerife ya presta este servicio, por un lado, a las plataformas petrol\u00edferas atracadas en el Dique del Este y, por otro, a los buques de tr\u00e1fico regular de pasajeros de las navieras Fred.Olsen y Armas-Trasmediterr\u00e1nea. Actualmente, est\u00e1 preparando un plan de electrificaci\u00f3n de todos los puertos que incluye tanto a los cruceros como a las terminales de contenedores.<\/p>\n<p>&nbsp;<\/p>\n<div class=\"shariff shariff-align-flex-start shariff-widget-align-flex-start\"><div class=\"ShariffHeadline\">Comparte!<\/div><ul class=\"shariff-buttons theme-round orientation-horizontal buttonsize-medium\"><li class=\"shariff-button facebook\" style=\"background-color:#056E6D;border-radius:1%\"><a href=\"https:\/\/www.facebook.com\/sharer\/sharer.php?u=https%3A%2F%2Fwww.puertosdetenerife.org%2Fen%2Fpuertos-de-tenerife-se-promociona-en-la-feria-seatrade-europe-2023%2F\" title=\"Share on Facebook\" aria-label=\"Share on Facebook\" role=\"button\" rel=\"nofollow\" class=\"shariff-link\" style=\";border-radius:1%; background-color:#081C59; color:#fff\" target=\"_blank\"><span class=\"shariff-icon\" style=\"\"><svg width=\"32px\" height=\"20px\" xmlns=\"http:\/\/www.w3.org\/2000\/svg\" viewBox=\"0 0 18 32\"><path fill=\"#3b5998\" d=\"M17.1 0.2v4.7h-2.8q-1.5 0-2.1 0.6t-0.5 1.9v3.4h5.2l-0.7 5.3h-4.5v13.6h-5.5v-13.6h-4.5v-5.3h4.5v-3.9q0-3.3 1.9-5.2t5-1.8q2.6 0 4.1 0.2z\"\/><\/svg><\/span><\/a><\/li><li class=\"shariff-button twitter\" style=\"background-color:#056E6D;border-radius:1%\"><a href=\"https:\/\/twitter.com\/share?url=https%3A%2F%2Fwww.puertosdetenerife.org%2Fen%2Fpuertos-de-tenerife-se-promociona-en-la-feria-seatrade-europe-2023%2F&text=Puertos%20de%20Tenerife%20se%20promociona%20en%20la%20feria%20Seatrade%20Europe%202023\" title=\"Share on X\" aria-label=\"Share on X\" role=\"button\" rel=\"noopener nofollow\" class=\"shariff-link\" style=\";border-radius:1%; background-color:#081C59; color:#fff\" target=\"_blank\"><span class=\"shariff-icon\" style=\"\"><svg width=\"32px\" height=\"20px\" xmlns=\"http:\/\/www.w3.org\/2000\/svg\" viewBox=\"0 0 24 24\"><path fill=\"#000\" d=\"M14.258 10.152L23.176 0h-2.113l-7.747 8.813L7.133 0H0l9.352 13.328L0 23.973h2.113l8.176-9.309 6.531 9.309h7.133zm-2.895 3.293l-.949-1.328L2.875 1.56h3.246l6.086 8.523.945 1.328 7.91 11.078h-3.246zm0 0\"\/><\/svg><\/span><\/a><\/li><li class=\"shariff-button linkedin\" style=\"background-color:#056E6D;border-radius:1%\"><a href=\"https:\/\/www.linkedin.com\/sharing\/share-offsite\/?url=https%3A%2F%2Fwww.puertosdetenerife.org%2Fen%2Fpuertos-de-tenerife-se-promociona-en-la-feria-seatrade-europe-2023%2F\" title=\"Share on LinkedIn\" aria-label=\"Share on LinkedIn\" role=\"button\" rel=\"noopener nofollow\" class=\"shariff-link\" style=\";border-radius:1%; background-color:#081C59; color:#fff\" target=\"_blank\"><span class=\"shariff-icon\" style=\"\"><svg width=\"32px\" height=\"20px\" xmlns=\"http:\/\/www.w3.org\/2000\/svg\" viewBox=\"0 0 27 32\"><path fill=\"#0077b5\" d=\"M6.2 11.2v17.7h-5.9v-17.7h5.9zM6.6 5.7q0 1.3-0.9 2.2t-2.4 0.9h0q-1.5 0-2.4-0.9t-0.9-2.2 0.9-2.2 2.4-0.9 2.4 0.9 0.9 2.2zM27.4 18.7v10.1h-5.9v-9.5q0-1.9-0.7-2.9t-2.3-1.1q-1.1 0-1.9 0.6t-1.2 1.5q-0.2 0.5-0.2 1.4v9.9h-5.9q0-7.1 0-11.6t0-5.3l0-0.9h5.9v2.6h0q0.4-0.6 0.7-1t1-0.9 1.6-0.8 2-0.3q3 0 4.9 2t1.9 6z\"\/><\/svg><\/span><\/a><\/li><li class=\"shariff-button whatsapp\" style=\"background-color:#056E6D;border-radius:1%\"><a href=\"https:\/\/api.whatsapp.com\/send?text=https%3A%2F%2Fwww.puertosdetenerife.org%2Fen%2Fpuertos-de-tenerife-se-promociona-en-la-feria-seatrade-europe-2023%2F%20Puertos%20de%20Tenerife%20se%20promociona%20en%20la%20feria%20Seatrade%20Europe%202023\" title=\"Share on Whatsapp\" aria-label=\"Share on Whatsapp\" role=\"button\" rel=\"noopener nofollow\" class=\"shariff-link\" style=\";border-radius:1%; background-color:#081C59; color:#fff\" target=\"_blank\"><span class=\"shariff-icon\" style=\"\"><svg width=\"32px\" height=\"20px\" xmlns=\"http:\/\/www.w3.org\/2000\/svg\" viewBox=\"0 0 32 32\"><path fill=\"#34af23\" d=\"M17.6 17.4q0.2 0 1.7 0.8t1.6 0.9q0 0.1 0 0.3 0 0.6-0.3 1.4-0.3 0.7-1.3 1.2t-1.8 0.5q-1 0-3.4-1.1-1.7-0.8-3-2.1t-2.6-3.3q-1.3-1.9-1.3-3.5v-0.1q0.1-1.6 1.3-2.8 0.4-0.4 0.9-0.4 0.1 0 0.3 0t0.3 0q0.3 0 0.5 0.1t0.3 0.5q0.1 0.4 0.6 1.6t0.4 1.3q0 0.4-0.6 1t-0.6 0.8q0 0.1 0.1 0.3 0.6 1.3 1.8 2.4 1 0.9 2.7 1.8 0.2 0.1 0.4 0.1 0.3 0 1-0.9t0.9-0.9zM14 26.9q2.3 0 4.3-0.9t3.6-2.4 2.4-3.6 0.9-4.3-0.9-4.3-2.4-3.6-3.6-2.4-4.3-0.9-4.3 0.9-3.6 2.4-2.4 3.6-0.9 4.3q0 3.6 2.1 6.6l-1.4 4.2 4.3-1.4q2.8 1.9 6.2 1.9zM14 2.2q2.7 0 5.2 1.1t4.3 2.9 2.9 4.3 1.1 5.2-1.1 5.2-2.9 4.3-4.3 2.9-5.2 1.1q-3.5 0-6.5-1.7l-7.4 2.4 2.4-7.2q-1.9-3.2-1.9-6.9 0-2.7 1.1-5.2t2.9-4.3 4.3-2.9 5.2-1.1z\"\/><\/svg><\/span><\/a><\/li><li class=\"shariff-button mailto\" style=\"background-color:#056E6D;border-radius:1%\"><a href=\"mailto:?body=https%3A%2F%2Fwww.puertosdetenerife.org%2Fen%2Fpuertos-de-tenerife-se-promociona-en-la-feria-seatrade-europe-2023%2F&subject=Puertos%20de%20Tenerife%20se%20promociona%20en%20la%20feria%20Seatrade%20Europe%202023\" title=\"Send by email\" aria-label=\"Send by email\" role=\"button\" rel=\"noopener nofollow\" class=\"shariff-link\" style=\";border-radius:1%; background-color:#081C59; color:#fff\"><span class=\"shariff-icon\" style=\"\"><svg width=\"32px\" height=\"20px\" xmlns=\"http:\/\/www.w3.org\/2000\/svg\" viewBox=\"0 0 32 32\"><path fill=\"#999\" d=\"M32 12.7v14.2q0 1.2-0.8 2t-2 0.9h-26.3q-1.2 0-2-0.9t-0.8-2v-14.2q0.8 0.9 1.8 1.6 6.5 4.4 8.9 6.1 1 0.8 1.6 1.2t1.7 0.9 2 0.4h0.1q0.9 0 2-0.4t1.7-0.9 1.6-1.2q3-2.2 8.9-6.1 1-0.7 1.8-1.6zM32 7.4q0 1.4-0.9 2.7t-2.2 2.2q-6.7 4.7-8.4 5.8-0.2 0.1-0.7 0.5t-1 0.7-0.9 0.6-1.1 0.5-0.9 0.2h-0.1q-0.4 0-0.9-0.2t-1.1-0.5-0.9-0.6-1-0.7-0.7-0.5q-1.6-1.1-4.7-3.2t-3.6-2.6q-1.1-0.7-2.1-2t-1-2.5q0-1.4 0.7-2.3t2.1-0.9h26.3q1.2 0 2 0.8t0.9 2z\"\/><\/svg><\/span><\/a><\/li><\/ul><\/div>","protected":false},"excerpt":{"rendered":"<p>La Autoridad Portuaria de Santa Cruz de Tenerife participa este a\u00f1o en la principal cita europea del sector de cruceros, la feria Seatrade Europe, que arranc\u00f3 ayer en Hamburgo, Alemania, y finalizar\u00e1 ma\u00f1ana viernes 8 de septiembre.<\/p>\n","protected":false},"author":4,"featured_media":236838,"comment_status":"closed","ping_status":"open","sticky":false,"template":"","format":"standard","meta":{"_et_pb_use_builder":"","_et_pb_old_content":"","_et_gb_content_width":"","footnotes":""},"categories":[],"tags":[],"coauthors":[],"class_list":["post-236837","post","type-post","status-publish","format-standard","has-post-thumbnail","hentry"],"yoast_head":"<!-- This site is optimized with the Yoast SEO plugin v25.0 - https:\/\/yoast.com\/wordpress\/plugins\/seo\/ -->\n<title>Puertos de Tenerife se promociona en la feria Seatrade Europe 2023 - Autoridad Portuaria de Santa Cruz de Tenerife<\/title>\n<meta name=\"robots\" content=\"index, follow, max-snippet:-1, max-image-preview:large, max-video-preview:-1\" \/>\n<link rel=\"canonical\" href=\"https:\/\/www.puertosdetenerife.org\/en\/puertos-de-tenerife-se-promociona-en-la-feria-seatrade-europe-2023\/\" \/>\n<meta property=\"og:locale\" content=\"en_US\" \/>\n<meta property=\"og:type\" content=\"article\" \/>\n<meta property=\"og:title\" content=\"Puertos de Tenerife se promociona en la feria Seatrade Europe 2023\" \/>\n<meta property=\"og:description\" content=\"La Autoridad Portuaria de Santa Cruz de Tenerife participa este a\u00f1o en la principal cita europea del sector de cruceros, la feria Seatrade Europe, que arranc\u00f3 ayer en Hamburgo, Alemania, y finalizar\u00e1 ma\u00f1ana viernes 8 de septiembre.\" \/>\n<meta property=\"og:url\" content=\"https:\/\/www.puertosdetenerife.org\/en\/puertos-de-tenerife-se-promociona-en-la-feria-seatrade-europe-2023\/\" \/>\n<meta property=\"og:site_name\" content=\"Autoridad Portuaria de Santa Cruz de Tenerife\" \/>\n<meta property=\"article:published_time\" content=\"2023-09-07T10:12:02+00:00\" \/>\n<meta property=\"og:image\" content=\"https:\/\/www.puertosdetenerife.org\/wp-content\/uploads\/2023\/09\/PLANTILLA-DISENO-WEB-88.png\" \/>\n\t<meta property=\"og:image:width\" content=\"1200\" \/>\n\t<meta property=\"og:image:height\" content=\"628\" \/>\n\t<meta property=\"og:image:type\" content=\"image\/png\" \/>\n<meta name=\"author\" content=\"Departamento de Prensa\" \/>\n<meta name=\"twitter:card\" content=\"summary_large_image\" \/>\n<meta name=\"twitter:title\" content=\"Puertos de Tenerife se promociona en la feria Seatrade Europe 2023\" \/>\n<meta name=\"twitter:image\" content=\"https:\/\/www.puertosdetenerife.org\/wp-content\/uploads\/2023\/09\/PLANTILLA-DISENO-WEB-88.png\" \/>\n<meta name=\"twitter:label1\" content=\"Written by\" \/>\n\t<meta name=\"twitter:data1\" content=\"Departamento de Prensa\" \/>\n\t<meta name=\"twitter:label2\" content=\"Est. reading time\" \/>\n\t<meta name=\"twitter:data2\" content=\"2 minutes\" \/>\n<script type=\"application\/ld+json\" class=\"yoast-schema-graph\">{\"@context\":\"https:\/\/schema.org\",\"@graph\":[{\"@type\":\"WebPage\",\"@id\":\"https:\/\/www.puertosdetenerife.org\/en\/puertos-de-tenerife-se-promociona-en-la-feria-seatrade-europe-2023\/\",\"url\":\"https:\/\/www.puertosdetenerife.org\/en\/puertos-de-tenerife-se-promociona-en-la-feria-seatrade-europe-2023\/\",\"name\":\"Puertos de Tenerife se promociona en la feria Seatrade Europe 2023 - Autoridad Portuaria de Santa Cruz de Tenerife\",\"isPartOf\":{\"@id\":\"https:\/\/www.puertosdetenerife.org\/#website\"},\"primaryImageOfPage\":{\"@id\":\"https:\/\/www.puertosdetenerife.org\/en\/puertos-de-tenerife-se-promociona-en-la-feria-seatrade-europe-2023\/#primaryimage\"},\"image\":{\"@id\":\"https:\/\/www.puertosdetenerife.org\/en\/puertos-de-tenerife-se-promociona-en-la-feria-seatrade-europe-2023\/#primaryimage\"},\"thumbnailUrl\":\"https:\/\/www.puertosdetenerife.org\/wp-content\/uploads\/2023\/09\/PLANTILLA-DISENO-WEB-88.png\",\"datePublished\":\"2023-09-07T10:12:02+00:00\",\"author\":{\"@id\":\"https:\/\/www.puertosdetenerife.org\/#\/schema\/person\/abd8aecdc697b6ee53fb5776e0800218\"},\"breadcrumb\":{\"@id\":\"https:\/\/www.puertosdetenerife.org\/en\/puertos-de-tenerife-se-promociona-en-la-feria-seatrade-europe-2023\/#breadcrumb\"},\"inLanguage\":\"en-US\",\"potentialAction\":[{\"@type\":\"ReadAction\",\"target\":[\"https:\/\/www.puertosdetenerife.org\/en\/puertos-de-tenerife-se-promociona-en-la-feria-seatrade-europe-2023\/\"]}]},{\"@type\":\"ImageObject\",\"inLanguage\":\"en-US\",\"@id\":\"https:\/\/www.puertosdetenerife.org\/en\/puertos-de-tenerife-se-promociona-en-la-feria-seatrade-europe-2023\/#primaryimage\",\"url\":\"https:\/\/www.puertosdetenerife.org\/wp-content\/uploads\/2023\/09\/PLANTILLA-DISENO-WEB-88.png\",\"contentUrl\":\"https:\/\/www.puertosdetenerife.org\/wp-content\/uploads\/2023\/09\/PLANTILLA-DISENO-WEB-88.png\",\"width\":1200,\"height\":628},{\"@type\":\"BreadcrumbList\",\"@id\":\"https:\/\/www.puertosdetenerife.org\/en\/puertos-de-tenerife-se-promociona-en-la-feria-seatrade-europe-2023\/#breadcrumb\",\"itemListElement\":[{\"@type\":\"ListItem\",\"position\":1,\"name\":\"Portada\",\"item\":\"https:\/\/www.puertosdetenerife.org\/en\/\"},{\"@type\":\"ListItem\",\"position\":2,\"name\":\"Puertos de Tenerife se promociona en la feria Seatrade Europe 2023\"}]},{\"@type\":\"WebSite\",\"@id\":\"https:\/\/www.puertosdetenerife.org\/#website\",\"url\":\"https:\/\/www.puertosdetenerife.org\/\",\"name\":\"Autoridad Portuaria de Santa Cruz de Tenerife\",\"description\":\"Puertos de Tenerife\",\"potentialAction\":[{\"@type\":\"SearchAction\",\"target\":{\"@type\":\"EntryPoint\",\"urlTemplate\":\"https:\/\/www.puertosdetenerife.org\/?s={search_term_string}\"},\"query-input\":{\"@type\":\"PropertyValueSpecification\",\"valueRequired\":true,\"valueName\":\"search_term_string\"}}],\"inLanguage\":\"en-US\"},{\"@type\":\"Person\",\"@id\":\"https:\/\/www.puertosdetenerife.org\/#\/schema\/person\/abd8aecdc697b6ee53fb5776e0800218\",\"name\":\"Departamento de Prensa\",\"url\":\"https:\/\/www.puertosdetenerife.org\/en\/author\/prensa\/\"}]}<\/script>\n<!-- \/ Yoast SEO plugin. -->","yoast_head_json":{"title":"Puertos de Tenerife se promociona en la feria Seatrade Europe 2023 - Autoridad Portuaria de Santa Cruz de Tenerife","robots":{"index":"index","follow":"follow","max-snippet":"max-snippet:-1","max-image-preview":"max-image-preview:large","max-video-preview":"max-video-preview:-1"},"canonical":"https:\/\/www.puertosdetenerife.org\/en\/puertos-de-tenerife-se-promociona-en-la-feria-seatrade-europe-2023\/","og_locale":"en_US","og_type":"article","og_title":"Puertos de Tenerife se promociona en la feria Seatrade Europe 2023","og_description":"La Autoridad Portuaria de Santa Cruz de Tenerife participa este a\u00f1o en la principal cita europea del sector de cruceros, la feria Seatrade Europe, que arranc\u00f3 ayer en Hamburgo, Alemania, y finalizar\u00e1 ma\u00f1ana viernes 8 de septiembre.","og_url":"https:\/\/www.puertosdetenerife.org\/en\/puertos-de-tenerife-se-promociona-en-la-feria-seatrade-europe-2023\/","og_site_name":"Autoridad Portuaria de Santa Cruz de Tenerife","article_published_time":"2023-09-07T10:12:02+00:00","og_image":[{"width":1200,"height":628,"url":"https:\/\/www.puertosdetenerife.org\/wp-content\/uploads\/2023\/09\/PLANTILLA-DISENO-WEB-88.png","type":"image\/png"}],"author":"Departamento de Prensa","twitter_card":"summary_large_image","twitter_title":"Puertos de Tenerife se promociona en la feria Seatrade Europe 2023","twitter_image":"https:\/\/www.puertosdetenerife.org\/wp-content\/uploads\/2023\/09\/PLANTILLA-DISENO-WEB-88.png","twitter_misc":{"Written by":"Departamento de Prensa","Est. reading time":"2 minutes"},"schema":{"@context":"https:\/\/schema.org","@graph":[{"@type":"WebPage","@id":"https:\/\/www.puertosdetenerife.org\/en\/puertos-de-tenerife-se-promociona-en-la-feria-seatrade-europe-2023\/","url":"https:\/\/www.puertosdetenerife.org\/en\/puertos-de-tenerife-se-promociona-en-la-feria-seatrade-europe-2023\/","name":"Puertos de Tenerife se promociona en la feria Seatrade Europe 2023 - Autoridad Portuaria de Santa Cruz de Tenerife","isPartOf":{"@id":"https:\/\/www.puertosdetenerife.org\/#website"},"primaryImageOfPage":{"@id":"https:\/\/www.puertosdetenerife.org\/en\/puertos-de-tenerife-se-promociona-en-la-feria-seatrade-europe-2023\/#primaryimage"},"image":{"@id":"https:\/\/www.puertosdetenerife.org\/en\/puertos-de-tenerife-se-promociona-en-la-feria-seatrade-europe-2023\/#primaryimage"},"thumbnailUrl":"https:\/\/www.puertosdetenerife.org\/wp-content\/uploads\/2023\/09\/PLANTILLA-DISENO-WEB-88.png","datePublished":"2023-09-07T10:12:02+00:00","author":{"@id":"https:\/\/www.puertosdetenerife.org\/#\/schema\/person\/abd8aecdc697b6ee53fb5776e0800218"},"breadcrumb":{"@id":"https:\/\/www.puertosdetenerife.org\/en\/puertos-de-tenerife-se-promociona-en-la-feria-seatrade-europe-2023\/#breadcrumb"},"inLanguage":"en-US","potentialAction":[{"@type":"ReadAction","target":["https:\/\/www.puertosdetenerife.org\/en\/puertos-de-tenerife-se-promociona-en-la-feria-seatrade-europe-2023\/"]}]},{"@type":"ImageObject","inLanguage":"en-US","@id":"https:\/\/www.puertosdetenerife.org\/en\/puertos-de-tenerife-se-promociona-en-la-feria-seatrade-europe-2023\/#primaryimage","url":"https:\/\/www.puertosdetenerife.org\/wp-content\/uploads\/2023\/09\/PLANTILLA-DISENO-WEB-88.png","contentUrl":"https:\/\/www.puertosdetenerife.org\/wp-content\/uploads\/2023\/09\/PLANTILLA-DISENO-WEB-88.png","width":1200,"height":628},{"@type":"BreadcrumbList","@id":"https:\/\/www.puertosdetenerife.org\/en\/puertos-de-tenerife-se-promociona-en-la-feria-seatrade-europe-2023\/#breadcrumb","itemListElement":[{"@type":"ListItem","position":1,"name":"Portada","item":"https:\/\/www.puertosdetenerife.org\/en\/"},{"@type":"ListItem","position":2,"name":"Puertos de Tenerife se promociona en la feria Seatrade Europe 2023"}]},{"@type":"WebSite","@id":"https:\/\/www.puertosdetenerife.org\/#website","url":"https:\/\/www.puertosdetenerife.org\/","name":"Autoridad Portuaria de Santa Cruz de Tenerife","description":"Puertos de Tenerife","potentialAction":[{"@type":"SearchAction","target":{"@type":"EntryPoint","urlTemplate":"https:\/\/www.puertosdetenerife.org\/?s={search_term_string}"},"query-input":{"@type":"PropertyValueSpecification","valueRequired":true,"valueName":"search_term_string"}}],"inLanguage":"en-US"},{"@type":"Person","@id":"https:\/\/www.puertosdetenerife.org\/#\/schema\/person\/abd8aecdc697b6ee53fb5776e0800218","name":"Departamento de Prensa","url":"https:\/\/www.puertosdetenerife.org\/en\/author\/prensa\/"}]}},"_links":{"self":[{"href":"https:\/\/www.puertosdetenerife.org\/en\/wp-json\/wp\/v2\/posts\/236837","targetHints":{"allow":["GET"]}}],"collection":[{"href":"https:\/\/www.puertosdetenerife.org\/en\/wp-json\/wp\/v2\/posts"}],"about":[{"href":"https:\/\/www.puertosdetenerife.org\/en\/wp-json\/wp\/v2\/types\/post"}],"author":[{"embeddable":true,"href":"https:\/\/www.puertosdetenerife.org\/en\/wp-json\/wp\/v2\/users\/4"}],"replies":[{"embeddable":true,"href":"https:\/\/www.puertosdetenerife.org\/en\/wp-json\/wp\/v2\/comments?post=236837"}],"version-history":[{"count":0,"href":"https:\/\/www.puertosdetenerife.org\/en\/wp-json\/wp\/v2\/posts\/236837\/revisions"}],"wp:featuredmedia":[{"embeddable":true,"href":"https:\/\/www.puertosdetenerife.org\/en\/wp-json\/wp\/v2\/media\/236838"}],"wp:attachment":[{"href":"https:\/\/www.puertosdetenerife.org\/en\/wp-json\/wp\/v2\/media?parent=236837"}],"wp:term":[{"taxonomy":"category","embeddable":true,"href":"https:\/\/www.puertosdetenerife.org\/en\/wp-json\/wp\/v2\/categories?post=236837"},{"taxonomy":"post_tag","embeddable":true,"href":"https:\/\/www.puertosdetenerife.org\/en\/wp-json\/wp\/v2\/tags?post=236837"},{"taxonomy":"author","embeddable":true,"href":"https:\/\/www.puertosdetenerife.org\/en\/wp-json\/wp\/v2\/coauthors?post=236837"}],"curies":[{"name":"wp","href":"https:\/\/api.w.org\/{rel}","templated":true}]}}