{"id":227392,"date":"2020-02-06T15:36:24","date_gmt":"2020-02-06T15:36:24","guid":{"rendered":"https:\/\/www.puertosdetenerife.org\/zona-franca-y-jovenes-empresarios-de-tenerife-por-la-empleabilidad-de-los-emprendedores\/"},"modified":"2020-11-18T14:49:34","modified_gmt":"2020-11-18T14:49:34","slug":"zona-franca-et-jovenes-empresarios-de-tenerife-pour-lemployabilite-des-entrepreneurs","status":"publish","type":"post","link":"https:\/\/www.puertosdetenerife.org\/fr\/zona-franca-et-jovenes-empresarios-de-tenerife-pour-lemployabilite-des-entrepreneurs\/","title":{"rendered":"Zona Franca et J\u00f3venes Empresarios de Tenerife, pour l\u2019employabilit\u00e9 des entrepreneurs"},"content":{"rendered":"<p>Zona Franca Tenerife (ZFT) et l\u2019Asociaci\u00f3n J\u00f3venes Empresarios de Tenerife (JET) se sont rencontr\u00e9s ces derniers jours afin d\u2019\u00e9changer des informations, de l\u2019exp\u00e9rience et des besoins pour accro\u00eetre l\u2019employabilit\u00e9 des entrepreneurs et des membres de ladite association sous les avantages fiscaux qui proposent ladite Entidad P\u00fablica Empresarial.<!--more--><\/p>\n<p>Plus pr\u00e9cis\u00e9ment, ce sont le d\u00e9l\u00e9gu\u00e9 des Finances de Zona Franca Tenerife, et donc le vice-pr\u00e9sident de l\u2019institution, Mois\u00e9s Romero, et deux membres de la nouvelle direction de JET, Azucena Solano et Luca Mossini, qui se sont rencontr\u00e9s au si\u00e8ge de l\u2019Autorit\u00e9 Portuaire de Tenerife, o\u00f9 ils ont convenu encourager le rapprochement entre les deux entit\u00e9s afin de proposer aux entrepreneurs de Tenerife les outils et la connaissance n\u00e9cessaires face \u00e0 l\u2019\u00e9ventuelle implantation de leurs affaires dans les domaines de ZFT.<\/p>\n<p>C\u2019est la premi\u00e8re fois que ZFT se r\u00e9unit avec la nouvelle direction de cette association compos\u00e9e par une centaine d\u2019associ\u00e9s qui \u00e9voluent professionnellement dans diff\u00e9rents domaines dont les projets d\u2019\u00e9volution pourraient s\u2019implanter en ZFT.<\/p>\n<div class=\"shariff shariff-align-flex-start shariff-widget-align-flex-start\"><div class=\"ShariffHeadline\">Comparte!<\/div><ul class=\"shariff-buttons theme-round orientation-horizontal buttonsize-medium\"><li class=\"shariff-button facebook\" style=\"background-color:#056E6D;border-radius:1%\"><a href=\"https:\/\/www.facebook.com\/sharer\/sharer.php?u=https%3A%2F%2Fwww.puertosdetenerife.org%2Ffr%2Fzona-franca-et-jovenes-empresarios-de-tenerife-pour-lemployabilite-des-entrepreneurs%2F\" title=\"Envoyer par Facebook\" aria-label=\"Envoyer par Facebook\" role=\"button\" rel=\"nofollow\" class=\"shariff-link\" style=\";border-radius:1%; background-color:#081C59; color:#fff\" target=\"_blank\"><span class=\"shariff-icon\" style=\"\"><svg width=\"32px\" height=\"20px\" xmlns=\"http:\/\/www.w3.org\/2000\/svg\" viewBox=\"0 0 18 32\"><path fill=\"#3b5998\" d=\"M17.1 0.2v4.7h-2.8q-1.5 0-2.1 0.6t-0.5 1.9v3.4h5.2l-0.7 5.3h-4.5v13.6h-5.5v-13.6h-4.5v-5.3h4.5v-3.9q0-3.3 1.9-5.2t5-1.8q2.6 0 4.1 0.2z\"\/><\/svg><\/span><\/a><\/li><li class=\"shariff-button twitter\" style=\"background-color:#056E6D;border-radius:1%\"><a href=\"https:\/\/twitter.com\/share?url=https%3A%2F%2Fwww.puertosdetenerife.org%2Ffr%2Fzona-franca-et-jovenes-empresarios-de-tenerife-pour-lemployabilite-des-entrepreneurs%2F&text=Zona%20Franca%20et%20J%C3%B3venes%20Empresarios%20de%20Tenerife%2C%20pour%20l%E2%80%99employabilit%C3%A9%20des%20entrepreneurs\" title=\"Envoyer par X\" aria-label=\"Envoyer par X\" role=\"button\" rel=\"noopener nofollow\" class=\"shariff-link\" style=\";border-radius:1%; background-color:#081C59; color:#fff\" target=\"_blank\"><span class=\"shariff-icon\" style=\"\"><svg width=\"32px\" height=\"20px\" xmlns=\"http:\/\/www.w3.org\/2000\/svg\" viewBox=\"0 0 24 24\"><path fill=\"#000\" d=\"M14.258 10.152L23.176 0h-2.113l-7.747 8.813L7.133 0H0l9.352 13.328L0 23.973h2.113l8.176-9.309 6.531 9.309h7.133zm-2.895 3.293l-.949-1.328L2.875 1.56h3.246l6.086 8.523.945 1.328 7.91 11.078h-3.246zm0 0\"\/><\/svg><\/span><\/a><\/li><li class=\"shariff-button linkedin\" style=\"background-color:#056E6D;border-radius:1%\"><a href=\"https:\/\/www.linkedin.com\/sharing\/share-offsite\/?url=https%3A%2F%2Fwww.puertosdetenerife.org%2Ffr%2Fzona-franca-et-jovenes-empresarios-de-tenerife-pour-lemployabilite-des-entrepreneurs%2F\" title=\"Envoyer par LinkedIn\" aria-label=\"Envoyer par LinkedIn\" role=\"button\" rel=\"noopener nofollow\" class=\"shariff-link\" style=\";border-radius:1%; background-color:#081C59; color:#fff\" target=\"_blank\"><span class=\"shariff-icon\" style=\"\"><svg width=\"32px\" height=\"20px\" xmlns=\"http:\/\/www.w3.org\/2000\/svg\" viewBox=\"0 0 27 32\"><path fill=\"#0077b5\" d=\"M6.2 11.2v17.7h-5.9v-17.7h5.9zM6.6 5.7q0 1.3-0.9 2.2t-2.4 0.9h0q-1.5 0-2.4-0.9t-0.9-2.2 0.9-2.2 2.4-0.9 2.4 0.9 0.9 2.2zM27.4 18.7v10.1h-5.9v-9.5q0-1.9-0.7-2.9t-2.3-1.1q-1.1 0-1.9 0.6t-1.2 1.5q-0.2 0.5-0.2 1.4v9.9h-5.9q0-7.1 0-11.6t0-5.3l0-0.9h5.9v2.6h0q0.4-0.6 0.7-1t1-0.9 1.6-0.8 2-0.3q3 0 4.9 2t1.9 6z\"\/><\/svg><\/span><\/a><\/li><li class=\"shariff-button whatsapp\" style=\"background-color:#056E6D;border-radius:1%\"><a href=\"https:\/\/api.whatsapp.com\/send?text=https%3A%2F%2Fwww.puertosdetenerife.org%2Ffr%2Fzona-franca-et-jovenes-empresarios-de-tenerife-pour-lemployabilite-des-entrepreneurs%2F%20Zona%20Franca%20et%20J%C3%B3venes%20Empresarios%20de%20Tenerife%2C%20pour%20l%E2%80%99employabilit%C3%A9%20des%20entrepreneurs\" title=\"Envoyer par Whatsapp\" aria-label=\"Envoyer par Whatsapp\" role=\"button\" rel=\"noopener nofollow\" class=\"shariff-link\" style=\";border-radius:1%; background-color:#081C59; color:#fff\" target=\"_blank\"><span class=\"shariff-icon\" style=\"\"><svg width=\"32px\" height=\"20px\" xmlns=\"http:\/\/www.w3.org\/2000\/svg\" viewBox=\"0 0 32 32\"><path fill=\"#34af23\" d=\"M17.6 17.4q0.2 0 1.7 0.8t1.6 0.9q0 0.1 0 0.3 0 0.6-0.3 1.4-0.3 0.7-1.3 1.2t-1.8 0.5q-1 0-3.4-1.1-1.7-0.8-3-2.1t-2.6-3.3q-1.3-1.9-1.3-3.5v-0.1q0.1-1.6 1.3-2.8 0.4-0.4 0.9-0.4 0.1 0 0.3 0t0.3 0q0.3 0 0.5 0.1t0.3 0.5q0.1 0.4 0.6 1.6t0.4 1.3q0 0.4-0.6 1t-0.6 0.8q0 0.1 0.1 0.3 0.6 1.3 1.8 2.4 1 0.9 2.7 1.8 0.2 0.1 0.4 0.1 0.3 0 1-0.9t0.9-0.9zM14 26.9q2.3 0 4.3-0.9t3.6-2.4 2.4-3.6 0.9-4.3-0.9-4.3-2.4-3.6-3.6-2.4-4.3-0.9-4.3 0.9-3.6 2.4-2.4 3.6-0.9 4.3q0 3.6 2.1 6.6l-1.4 4.2 4.3-1.4q2.8 1.9 6.2 1.9zM14 2.2q2.7 0 5.2 1.1t4.3 2.9 2.9 4.3 1.1 5.2-1.1 5.2-2.9 4.3-4.3 2.9-5.2 1.1q-3.5 0-6.5-1.7l-7.4 2.4 2.4-7.2q-1.9-3.2-1.9-6.9 0-2.7 1.1-5.2t2.9-4.3 4.3-2.9 5.2-1.1z\"\/><\/svg><\/span><\/a><\/li><li class=\"shariff-button mailto\" style=\"background-color:#056E6D;border-radius:1%\"><a href=\"mailto:?body=https%3A%2F%2Fwww.puertosdetenerife.org%2Ffr%2Fzona-franca-et-jovenes-empresarios-de-tenerife-pour-lemployabilite-des-entrepreneurs%2F&subject=Zona%20Franca%20et%20J%C3%B3venes%20Empresarios%20de%20Tenerife%2C%20pour%20l%E2%80%99employabilit%C3%A9%20des%20entrepreneurs\" title=\"Envoyer par courriel\" aria-label=\"Envoyer par courriel\" role=\"button\" rel=\"noopener nofollow\" class=\"shariff-link\" style=\";border-radius:1%; background-color:#081C59; color:#fff\"><span class=\"shariff-icon\" style=\"\"><svg width=\"32px\" height=\"20px\" xmlns=\"http:\/\/www.w3.org\/2000\/svg\" viewBox=\"0 0 32 32\"><path fill=\"#999\" d=\"M32 12.7v14.2q0 1.2-0.8 2t-2 0.9h-26.3q-1.2 0-2-0.9t-0.8-2v-14.2q0.8 0.9 1.8 1.6 6.5 4.4 8.9 6.1 1 0.8 1.6 1.2t1.7 0.9 2 0.4h0.1q0.9 0 2-0.4t1.7-0.9 1.6-1.2q3-2.2 8.9-6.1 1-0.7 1.8-1.6zM32 7.4q0 1.4-0.9 2.7t-2.2 2.2q-6.7 4.7-8.4 5.8-0.2 0.1-0.7 0.5t-1 0.7-0.9 0.6-1.1 0.5-0.9 0.2h-0.1q-0.4 0-0.9-0.2t-1.1-0.5-0.9-0.6-1-0.7-0.7-0.5q-1.6-1.1-4.7-3.2t-3.6-2.6q-1.1-0.7-2.1-2t-1-2.5q0-1.4 0.7-2.3t2.1-0.9h26.3q1.2 0 2 0.8t0.9 2z\"\/><\/svg><\/span><\/a><\/li><\/ul><\/div>","protected":false},"excerpt":{"rendered":"<p>Zona Franca Tenerife (ZFT) et l\u2019Asociaci\u00f3n J\u00f3venes Empresarios de Tenerife (JET) se sont rencontr\u00e9s ces derniers jours afin d\u2019\u00e9changer des informations, de l\u2019exp\u00e9rience et des besoins pour accro\u00eetre l\u2019employabilit\u00e9 des entrepreneurs et des membres de ladite association sous les avantages fiscaux qui proposent ladite Entidad P\u00fablica Empresarial.<\/p>\n","protected":false},"author":4,"featured_media":227393,"comment_status":"closed","ping_status":"open","sticky":false,"template":"","format":"standard","meta":{"_et_pb_use_builder":"","_et_pb_old_content":"","_et_gb_content_width":"","footnotes":""},"categories":[119],"tags":[],"coauthors":[181],"class_list":["post-227392","post","type-post","status-publish","format-standard","has-post-thumbnail","hentry","category-non-classifiee"],"yoast_head":"<!-- This site is optimized with the Yoast SEO plugin v25.0 - https:\/\/yoast.com\/wordpress\/plugins\/seo\/ -->\n<title>Zona Franca et J\u00f3venes Empresarios de Tenerife, pour l\u2019employabilit\u00e9 des entrepreneurs - Autoridad Portuaria de Santa Cruz de Tenerife<\/title>\n<meta name=\"robots\" content=\"index, follow, max-snippet:-1, max-image-preview:large, max-video-preview:-1\" \/>\n<link rel=\"canonical\" href=\"https:\/\/www.puertosdetenerife.org\/fr\/zona-franca-et-jovenes-empresarios-de-tenerife-pour-lemployabilite-des-entrepreneurs\/\" \/>\n<meta property=\"og:locale\" content=\"fr_FR\" \/>\n<meta property=\"og:type\" content=\"article\" \/>\n<meta property=\"og:title\" content=\"Zona Franca et J\u00f3venes Empresarios de Tenerife, pour l\u2019employabilit\u00e9 des entrepreneurs - Autoridad Portuaria de Santa Cruz de Tenerife\" \/>\n<meta property=\"og:description\" content=\"Zona Franca Tenerife (ZFT) et l\u2019Asociaci\u00f3n J\u00f3venes Empresarios de Tenerife (JET) se sont rencontr\u00e9s ces derniers jours afin d\u2019\u00e9changer des informations, de l\u2019exp\u00e9rience et des besoins pour accro\u00eetre l\u2019employabilit\u00e9 des entrepreneurs et des membres de ladite association sous les avantages fiscaux qui proposent ladite Entidad P\u00fablica Empresarial.\" \/>\n<meta property=\"og:url\" content=\"https:\/\/www.puertosdetenerife.org\/fr\/zona-franca-et-jovenes-empresarios-de-tenerife-pour-lemployabilite-des-entrepreneurs\/\" \/>\n<meta property=\"og:site_name\" content=\"Autoridad Portuaria de Santa Cruz de Tenerife\" \/>\n<meta property=\"article:published_time\" content=\"2020-02-06T15:36:24+00:00\" \/>\n<meta property=\"article:modified_time\" content=\"2020-11-18T14:49:34+00:00\" \/>\n<meta property=\"og:image\" content=\"https:\/\/www.puertosdetenerife.org\/wp-content\/uploads\/2020\/02\/Zona-Franca-y-J\u00f3venes-Empresarios-de-Tenerife.png\" \/>\n\t<meta property=\"og:image:width\" content=\"1200\" \/>\n\t<meta property=\"og:image:height\" content=\"630\" \/>\n\t<meta property=\"og:image:type\" content=\"image\/png\" \/>\n<meta name=\"author\" content=\"Departamento de Prensa\" \/>\n<meta name=\"twitter:card\" content=\"summary_large_image\" \/>\n<meta name=\"twitter:label1\" content=\"\u00c9crit par\" \/>\n\t<meta name=\"twitter:data1\" content=\"Departamento de Prensa\" \/>\n\t<meta name=\"twitter:label2\" content=\"Dur\u00e9e de lecture estim\u00e9e\" \/>\n\t<meta name=\"twitter:data2\" content=\"1 minute\" \/>\n\t<meta name=\"twitter:label3\" content=\"Written by\" \/>\n\t<meta name=\"twitter:data3\" content=\"Departamento de Prensa\" \/>\n<script type=\"application\/ld+json\" class=\"yoast-schema-graph\">{\"@context\":\"https:\/\/schema.org\",\"@graph\":[{\"@type\":\"WebPage\",\"@id\":\"https:\/\/www.puertosdetenerife.org\/fr\/zona-franca-et-jovenes-empresarios-de-tenerife-pour-lemployabilite-des-entrepreneurs\/\",\"url\":\"https:\/\/www.puertosdetenerife.org\/fr\/zona-franca-et-jovenes-empresarios-de-tenerife-pour-lemployabilite-des-entrepreneurs\/\",\"name\":\"Zona Franca et J\u00f3venes Empresarios de Tenerife, pour l\u2019employabilit\u00e9 des entrepreneurs - Autoridad Portuaria de Santa Cruz de Tenerife\",\"isPartOf\":{\"@id\":\"https:\/\/www.puertosdetenerife.org\/#website\"},\"primaryImageOfPage\":{\"@id\":\"https:\/\/www.puertosdetenerife.org\/fr\/zona-franca-et-jovenes-empresarios-de-tenerife-pour-lemployabilite-des-entrepreneurs\/#primaryimage\"},\"image\":{\"@id\":\"https:\/\/www.puertosdetenerife.org\/fr\/zona-franca-et-jovenes-empresarios-de-tenerife-pour-lemployabilite-des-entrepreneurs\/#primaryimage\"},\"thumbnailUrl\":\"https:\/\/www.puertosdetenerife.org\/wp-content\/uploads\/2020\/02\/Zona-Franca-y-J\u00f3venes-Empresarios-de-Tenerife.png\",\"datePublished\":\"2020-02-06T15:36:24+00:00\",\"dateModified\":\"2020-11-18T14:49:34+00:00\",\"author\":{\"@id\":\"https:\/\/www.puertosdetenerife.org\/#\/schema\/person\/abd8aecdc697b6ee53fb5776e0800218\"},\"breadcrumb\":{\"@id\":\"https:\/\/www.puertosdetenerife.org\/fr\/zona-franca-et-jovenes-empresarios-de-tenerife-pour-lemployabilite-des-entrepreneurs\/#breadcrumb\"},\"inLanguage\":\"fr-FR\",\"potentialAction\":[{\"@type\":\"ReadAction\",\"target\":[\"https:\/\/www.puertosdetenerife.org\/fr\/zona-franca-et-jovenes-empresarios-de-tenerife-pour-lemployabilite-des-entrepreneurs\/\"]}]},{\"@type\":\"ImageObject\",\"inLanguage\":\"fr-FR\",\"@id\":\"https:\/\/www.puertosdetenerife.org\/fr\/zona-franca-et-jovenes-empresarios-de-tenerife-pour-lemployabilite-des-entrepreneurs\/#primaryimage\",\"url\":\"https:\/\/www.puertosdetenerife.org\/wp-content\/uploads\/2020\/02\/Zona-Franca-y-J\u00f3venes-Empresarios-de-Tenerife.png\",\"contentUrl\":\"https:\/\/www.puertosdetenerife.org\/wp-content\/uploads\/2020\/02\/Zona-Franca-y-J\u00f3venes-Empresarios-de-Tenerife.png\",\"width\":1200,\"height\":630},{\"@type\":\"BreadcrumbList\",\"@id\":\"https:\/\/www.puertosdetenerife.org\/fr\/zona-franca-et-jovenes-empresarios-de-tenerife-pour-lemployabilite-des-entrepreneurs\/#breadcrumb\",\"itemListElement\":[{\"@type\":\"ListItem\",\"position\":1,\"name\":\"Portada\",\"item\":\"https:\/\/www.puertosdetenerife.org\/fr\/\"},{\"@type\":\"ListItem\",\"position\":2,\"name\":\"Zona Franca et J\u00f3venes Empresarios de Tenerife, pour l\u2019employabilit\u00e9 des entrepreneurs\"}]},{\"@type\":\"WebSite\",\"@id\":\"https:\/\/www.puertosdetenerife.org\/#website\",\"url\":\"https:\/\/www.puertosdetenerife.org\/\",\"name\":\"Autoridad Portuaria de Santa Cruz de Tenerife\",\"description\":\"Puertos de Tenerife\",\"potentialAction\":[{\"@type\":\"SearchAction\",\"target\":{\"@type\":\"EntryPoint\",\"urlTemplate\":\"https:\/\/www.puertosdetenerife.org\/?s={search_term_string}\"},\"query-input\":{\"@type\":\"PropertyValueSpecification\",\"valueRequired\":true,\"valueName\":\"search_term_string\"}}],\"inLanguage\":\"fr-FR\"},{\"@type\":\"Person\",\"@id\":\"https:\/\/www.puertosdetenerife.org\/#\/schema\/person\/abd8aecdc697b6ee53fb5776e0800218\",\"name\":\"Departamento de Prensa\",\"url\":\"https:\/\/www.puertosdetenerife.org\/fr\/author\/prensa\/\"}]}<\/script>\n<!-- \/ Yoast SEO plugin. -->","yoast_head_json":{"title":"Zona Franca et J\u00f3venes Empresarios de Tenerife, pour l\u2019employabilit\u00e9 des entrepreneurs - Autoridad Portuaria de Santa Cruz de Tenerife","robots":{"index":"index","follow":"follow","max-snippet":"max-snippet:-1","max-image-preview":"max-image-preview:large","max-video-preview":"max-video-preview:-1"},"canonical":"https:\/\/www.puertosdetenerife.org\/fr\/zona-franca-et-jovenes-empresarios-de-tenerife-pour-lemployabilite-des-entrepreneurs\/","og_locale":"fr_FR","og_type":"article","og_title":"Zona Franca et J\u00f3venes Empresarios de Tenerife, pour l\u2019employabilit\u00e9 des entrepreneurs - Autoridad Portuaria de Santa Cruz de Tenerife","og_description":"Zona Franca Tenerife (ZFT) et l\u2019Asociaci\u00f3n J\u00f3venes Empresarios de Tenerife (JET) se sont rencontr\u00e9s ces derniers jours afin d\u2019\u00e9changer des informations, de l\u2019exp\u00e9rience et des besoins pour accro\u00eetre l\u2019employabilit\u00e9 des entrepreneurs et des membres de ladite association sous les avantages fiscaux qui proposent ladite Entidad P\u00fablica Empresarial.","og_url":"https:\/\/www.puertosdetenerife.org\/fr\/zona-franca-et-jovenes-empresarios-de-tenerife-pour-lemployabilite-des-entrepreneurs\/","og_site_name":"Autoridad Portuaria de Santa Cruz de Tenerife","article_published_time":"2020-02-06T15:36:24+00:00","article_modified_time":"2020-11-18T14:49:34+00:00","og_image":[{"width":1200,"height":630,"url":"https:\/\/www.puertosdetenerife.org\/wp-content\/uploads\/2020\/02\/Zona-Franca-y-J\u00f3venes-Empresarios-de-Tenerife.png","type":"image\/png"}],"author":"Departamento de Prensa","twitter_card":"summary_large_image","twitter_misc":{"\u00c9crit par":"Departamento de Prensa","Dur\u00e9e de lecture estim\u00e9e":"1 minute","Written by":"Departamento de Prensa"},"schema":{"@context":"https:\/\/schema.org","@graph":[{"@type":"WebPage","@id":"https:\/\/www.puertosdetenerife.org\/fr\/zona-franca-et-jovenes-empresarios-de-tenerife-pour-lemployabilite-des-entrepreneurs\/","url":"https:\/\/www.puertosdetenerife.org\/fr\/zona-franca-et-jovenes-empresarios-de-tenerife-pour-lemployabilite-des-entrepreneurs\/","name":"Zona Franca et J\u00f3venes Empresarios de Tenerife, pour l\u2019employabilit\u00e9 des entrepreneurs - Autoridad Portuaria de Santa Cruz de Tenerife","isPartOf":{"@id":"https:\/\/www.puertosdetenerife.org\/#website"},"primaryImageOfPage":{"@id":"https:\/\/www.puertosdetenerife.org\/fr\/zona-franca-et-jovenes-empresarios-de-tenerife-pour-lemployabilite-des-entrepreneurs\/#primaryimage"},"image":{"@id":"https:\/\/www.puertosdetenerife.org\/fr\/zona-franca-et-jovenes-empresarios-de-tenerife-pour-lemployabilite-des-entrepreneurs\/#primaryimage"},"thumbnailUrl":"https:\/\/www.puertosdetenerife.org\/wp-content\/uploads\/2020\/02\/Zona-Franca-y-J\u00f3venes-Empresarios-de-Tenerife.png","datePublished":"2020-02-06T15:36:24+00:00","dateModified":"2020-11-18T14:49:34+00:00","author":{"@id":"https:\/\/www.puertosdetenerife.org\/#\/schema\/person\/abd8aecdc697b6ee53fb5776e0800218"},"breadcrumb":{"@id":"https:\/\/www.puertosdetenerife.org\/fr\/zona-franca-et-jovenes-empresarios-de-tenerife-pour-lemployabilite-des-entrepreneurs\/#breadcrumb"},"inLanguage":"fr-FR","potentialAction":[{"@type":"ReadAction","target":["https:\/\/www.puertosdetenerife.org\/fr\/zona-franca-et-jovenes-empresarios-de-tenerife-pour-lemployabilite-des-entrepreneurs\/"]}]},{"@type":"ImageObject","inLanguage":"fr-FR","@id":"https:\/\/www.puertosdetenerife.org\/fr\/zona-franca-et-jovenes-empresarios-de-tenerife-pour-lemployabilite-des-entrepreneurs\/#primaryimage","url":"https:\/\/www.puertosdetenerife.org\/wp-content\/uploads\/2020\/02\/Zona-Franca-y-J\u00f3venes-Empresarios-de-Tenerife.png","contentUrl":"https:\/\/www.puertosdetenerife.org\/wp-content\/uploads\/2020\/02\/Zona-Franca-y-J\u00f3venes-Empresarios-de-Tenerife.png","width":1200,"height":630},{"@type":"BreadcrumbList","@id":"https:\/\/www.puertosdetenerife.org\/fr\/zona-franca-et-jovenes-empresarios-de-tenerife-pour-lemployabilite-des-entrepreneurs\/#breadcrumb","itemListElement":[{"@type":"ListItem","position":1,"name":"Portada","item":"https:\/\/www.puertosdetenerife.org\/fr\/"},{"@type":"ListItem","position":2,"name":"Zona Franca et J\u00f3venes Empresarios de Tenerife, pour l\u2019employabilit\u00e9 des entrepreneurs"}]},{"@type":"WebSite","@id":"https:\/\/www.puertosdetenerife.org\/#website","url":"https:\/\/www.puertosdetenerife.org\/","name":"Autoridad Portuaria de Santa Cruz de Tenerife","description":"Puertos de Tenerife","potentialAction":[{"@type":"SearchAction","target":{"@type":"EntryPoint","urlTemplate":"https:\/\/www.puertosdetenerife.org\/?s={search_term_string}"},"query-input":{"@type":"PropertyValueSpecification","valueRequired":true,"valueName":"search_term_string"}}],"inLanguage":"fr-FR"},{"@type":"Person","@id":"https:\/\/www.puertosdetenerife.org\/#\/schema\/person\/abd8aecdc697b6ee53fb5776e0800218","name":"Departamento de Prensa","url":"https:\/\/www.puertosdetenerife.org\/fr\/author\/prensa\/"}]}},"_links":{"self":[{"href":"https:\/\/www.puertosdetenerife.org\/fr\/wp-json\/wp\/v2\/posts\/227392","targetHints":{"allow":["GET"]}}],"collection":[{"href":"https:\/\/www.puertosdetenerife.org\/fr\/wp-json\/wp\/v2\/posts"}],"about":[{"href":"https:\/\/www.puertosdetenerife.org\/fr\/wp-json\/wp\/v2\/types\/post"}],"author":[{"embeddable":true,"href":"https:\/\/www.puertosdetenerife.org\/fr\/wp-json\/wp\/v2\/users\/4"}],"replies":[{"embeddable":true,"href":"https:\/\/www.puertosdetenerife.org\/fr\/wp-json\/wp\/v2\/comments?post=227392"}],"version-history":[{"count":0,"href":"https:\/\/www.puertosdetenerife.org\/fr\/wp-json\/wp\/v2\/posts\/227392\/revisions"}],"wp:featuredmedia":[{"embeddable":true,"href":"https:\/\/www.puertosdetenerife.org\/fr\/wp-json\/wp\/v2\/media\/227393"}],"wp:attachment":[{"href":"https:\/\/www.puertosdetenerife.org\/fr\/wp-json\/wp\/v2\/media?parent=227392"}],"wp:term":[{"taxonomy":"category","embeddable":true,"href":"https:\/\/www.puertosdetenerife.org\/fr\/wp-json\/wp\/v2\/categories?post=227392"},{"taxonomy":"post_tag","embeddable":true,"href":"https:\/\/www.puertosdetenerife.org\/fr\/wp-json\/wp\/v2\/tags?post=227392"},{"taxonomy":"author","embeddable":true,"href":"https:\/\/www.puertosdetenerife.org\/fr\/wp-json\/wp\/v2\/coauthors?post=227392"}],"curies":[{"name":"wp","href":"https:\/\/api.w.org\/{rel}","templated":true}]}}